{"id":32767,"date":"2025-09-02T17:05:50","date_gmt":"2025-09-02T15:05:50","guid":{"rendered":"https:\/\/housinglearninglab.fondationpourlelogement.fr\/?p=32767"},"modified":"2025-09-02T17:49:15","modified_gmt":"2025-09-02T15:49:15","slug":"sous-les-toits-du-monde-une-serie-documentaire-autour-de-lhabitat-precaire-a-linternational","status":"publish","type":"post","link":"https:\/\/housinglearninglab.fondationpourlelogement.fr\/fr\/sous-les-toits-du-monde-une-serie-documentaire-autour-de-lhabitat-precaire-a-linternational\/","title":{"rendered":"\u00ab\u00a0Sous les toits du monde\u00a0\u00bb : une s\u00e9rie documentaire autour de l&rsquo;habitat pr\u00e9caire \u00e0 l&rsquo;international"},"content":{"rendered":"\n<p class=\"has-text-align-center\">Produite par <a href=\"https:\/\/www.fondationpourlelogement.fr\/\">la Fondation pour le Logement des D\u00e9favoris\u00e9s<\/a> et <a href=\"https:\/\/faireprod.com\/\" target=\"_blank\" rel=\"noopener\">Faireprod<\/a>, en partenariat avec <a href=\"https:\/\/www.rfi.fr\/fr\/\" target=\"_blank\" rel=\"noopener\">RFI<\/a>, \u00ab\u202fSous les toits du monde\u202f\u00bb est une s\u00e9rie de podcasts documentaires. <\/p>\n\n\n\n<div style=\"height:100px\" aria-hidden=\"true\" class=\"wp-block-spacer\"><\/div>\n\n\n\n<div class=\"wp-block-columns is-layout-flex wp-container-core-columns-is-layout-9d6595d7 wp-block-columns-is-layout-flex\">\n<div class=\"wp-block-column is-layout-flow wp-block-column-is-layout-flow\">\n<p>\u00c0 travers cinq \u00e9pisodes r\u00e9alis\u00e9s sur diff\u00e9rents continents, la s\u00e9rie explore des situations de mal-logement dans des contextes marqu\u00e9s par la pr\u00e9carit\u00e9, les in\u00e9galit\u00e9s ou les conflits.<br><br>Chaque \u00e9pisode met en lumi\u00e8re des initiatives locales \u2013 port\u00e9es par des habitants, des associations ou des coop\u00e9ratives \u2013 qui cherchent \u00e0 am\u00e9liorer les conditions de vie et \u00e0 construire des solutions durables et solidaires en mati\u00e8re d\u2019habitat.<br><br>Une s\u00e9rie sensible et \u00e9clairante sur les enjeux universels du logement digne. Pour la d\u00e9couvrir, cliquez sur les titres ci-dessous !<\/p>\n<\/div>\n\n\n\n<div class=\"wp-block-column is-layout-flow wp-block-column-is-layout-flow\">\n<figure class=\"wp-block-image size-full\"><picture><source srcset=\"https:\/\/housinglearninglab.fondationpourlelogement.fr\/wp-content\/webp-express\/webp-images\/doc-root\/wp-content\/uploads\/2025\/08\/VISUEL-GENERIQUE-SLTDM-retouched-3.jpg.webp 480w, https:\/\/housinglearninglab.fondationpourlelogement.fr\/wp-content\/webp-express\/webp-images\/doc-root\/wp-content\/uploads\/2025\/08\/VISUEL-GENERIQUE-SLTDM-retouched-3-370x370.jpg.webp 370w, https:\/\/housinglearninglab.fondationpourlelogement.fr\/wp-content\/webp-express\/webp-images\/doc-root\/wp-content\/uploads\/2025\/08\/VISUEL-GENERIQUE-SLTDM-retouched-3-120x120.jpg.webp 120w, https:\/\/housinglearninglab.fondationpourlelogement.fr\/wp-content\/webp-express\/webp-images\/doc-root\/wp-content\/uploads\/2025\/08\/VISUEL-GENERIQUE-SLTDM-retouched-3-410x410.jpg.webp 410w, https:\/\/housinglearninglab.fondationpourlelogement.fr\/wp-content\/webp-express\/webp-images\/doc-root\/wp-content\/uploads\/2025\/08\/VISUEL-GENERIQUE-SLTDM-retouched-3-150x150.jpg.webp 150w, https:\/\/housinglearninglab.fondationpourlelogement.fr\/wp-content\/webp-express\/webp-images\/doc-root\/wp-content\/uploads\/2025\/08\/VISUEL-GENERIQUE-SLTDM-retouched-3-460x460.jpg.webp 460w\" sizes=\"(max-width: 600px) 100vw, 480px\" type=\"image\/webp\"><img fetchpriority=\"high\" decoding=\"async\" width=\"480\" height=\"480\" src=\"https:\/\/housinglearninglab.fondationpourlelogement.fr\/wp-content\/uploads\/2025\/08\/VISUEL-GENERIQUE-SLTDM-retouched-3.jpg\" alt=\"\" class=\"wp-image-32842 webpexpress-processed\" srcset=\"https:\/\/housinglearninglab.fondationpourlelogement.fr\/wp-content\/uploads\/2025\/08\/VISUEL-GENERIQUE-SLTDM-retouched-3.jpg 480w, https:\/\/housinglearninglab.fondationpourlelogement.fr\/wp-content\/uploads\/2025\/08\/VISUEL-GENERIQUE-SLTDM-retouched-3-370x370.jpg 370w, https:\/\/housinglearninglab.fondationpourlelogement.fr\/wp-content\/uploads\/2025\/08\/VISUEL-GENERIQUE-SLTDM-retouched-3-120x120.jpg 120w, https:\/\/housinglearninglab.fondationpourlelogement.fr\/wp-content\/uploads\/2025\/08\/VISUEL-GENERIQUE-SLTDM-retouched-3-410x410.jpg 410w, https:\/\/housinglearninglab.fondationpourlelogement.fr\/wp-content\/uploads\/2025\/08\/VISUEL-GENERIQUE-SLTDM-retouched-3-150x150.jpg 150w, https:\/\/housinglearninglab.fondationpourlelogement.fr\/wp-content\/uploads\/2025\/08\/VISUEL-GENERIQUE-SLTDM-retouched-3-460x460.jpg 460w\" sizes=\"(max-width: 600px) 100vw, 480px\"><\/picture><\/figure>\n<\/div>\n<\/div>\n\n\n\n<div style=\"height:100px\" aria-hidden=\"true\" class=\"wp-block-spacer\"><\/div>\n\n\n\n<details class=\"wp-block-details is-layout-flow wp-block-details-is-layout-flow\"><summary><strong>Episode 1 &#8211; Quartiers inond\u00e9s au S\u00e9n\u00e9gal&nbsp;: quand les femmes s\u2019entraident et s\u2019autofinancent<\/strong> <\/summary>\n<div class=\"wp-block-columns is-layout-flex wp-container-core-columns-is-layout-9d6595d7 wp-block-columns-is-layout-flex\">\n<div class=\"wp-block-column is-layout-flow wp-block-column-is-layout-flow\">\n<div class=\"wp-block-cover is-light\" style=\"min-height:223px;aspect-ratio:unset;\"><img decoding=\"async\" width=\"1024\" height=\"576\" class=\"wp-block-cover__image-background wp-image-32784 size-full\" alt=\"\" src=\"https:\/\/housinglearninglab.fondationpourlelogement.fr\/wp-content\/uploads\/2025\/08\/Senegal-16-9-5.webp\" data-object-fit=\"cover\" srcset=\"https:\/\/housinglearninglab.fondationpourlelogement.fr\/wp-content\/uploads\/2025\/08\/Senegal-16-9-5.webp 1024w, https:\/\/housinglearninglab.fondationpourlelogement.fr\/wp-content\/uploads\/2025\/08\/Senegal-16-9-5-720x405.webp 720w, https:\/\/housinglearninglab.fondationpourlelogement.fr\/wp-content\/uploads\/2025\/08\/Senegal-16-9-5-768x432.webp 768w, https:\/\/housinglearninglab.fondationpourlelogement.fr\/wp-content\/uploads\/2025\/08\/Senegal-16-9-5-370x208.webp 370w, https:\/\/housinglearninglab.fondationpourlelogement.fr\/wp-content\/uploads\/2025\/08\/Senegal-16-9-5-840x473.webp 840w, https:\/\/housinglearninglab.fondationpourlelogement.fr\/wp-content\/uploads\/2025\/08\/Senegal-16-9-5-410x231.webp 410w, https:\/\/housinglearninglab.fondationpourlelogement.fr\/wp-content\/uploads\/2025\/08\/Senegal-16-9-5-600x338.webp 600w, https:\/\/housinglearninglab.fondationpourlelogement.fr\/wp-content\/uploads\/2025\/08\/Senegal-16-9-5-270x152.webp 270w\" sizes=\"(max-width: 1024px) 100vw, 1024px\" \/><span aria-hidden=\"true\" class=\"wp-block-cover__background has-background-dim\" style=\"background-color:#c5a8a3\"><\/span><div class=\"wp-block-cover__inner-container is-layout-constrained wp-block-cover-is-layout-constrained\">\n<p class=\"has-text-align-center has-large-font-size\">Episode 1<\/p>\n<\/div><\/div>\n\n\n\n<figure class=\"wp-block-audio\"><audio controls src=\"https:\/\/housinglearninglab.fondationpourlelogement.fr\/wp-content\/uploads\/2025\/08\/Sous-les-toits-du-Monde_EP1_Senegal-2.mp3\"><\/audio><\/figure>\n<\/div>\n\n\n\n<div class=\"wp-block-column is-layout-flow wp-block-column-is-layout-flow\">\n<p><em>Au S\u00e9n\u00e9gal, dans la banlieue de Dakar, les inondations et l\u2019insalubrit\u00e9 ont pouss\u00e9 des familles \u00e0 quitter leur logement. Les femmes, souvent en premi\u00e8re ligne, s\u2019organisent et s\u2019entraident pour faire face. Gr\u00e2ce aux tontines, aux mat\u00e9riaux locaux et \u00e0 la solidarit\u00e9, elles b\u00e2tissent une alternative au logement pr\u00e9caire. Cet \u00e9pisode suit le parcours de Sokeynatou Ndaw, soutenue par l\u2019ONG&nbsp;Urbasen&nbsp;et la&nbsp;F\u00e9d\u00e9ration s\u00e9n\u00e9galaise des habitants.<\/em><\/p>\n<\/div>\n<\/div>\n\n\n\n<p><\/p>\n<\/details>\n\n\n\n<p><\/p>\n\n\n\n<details class=\"wp-block-details is-layout-flow wp-block-details-is-layout-flow\"><summary><strong>Episode 2 &#8211; Vivre ensemble en Bosnie-Herz\u00e9govine&nbsp;: soutien aux zones rurales<\/strong><\/summary>\n<div class=\"wp-block-columns is-layout-flex wp-container-core-columns-is-layout-9d6595d7 wp-block-columns-is-layout-flex\">\n<div class=\"wp-block-column is-layout-flow wp-block-column-is-layout-flow\">\n<div class=\"wp-block-cover is-light\" style=\"min-height:224px;aspect-ratio:unset;\"><img decoding=\"async\" width=\"1024\" height=\"576\" class=\"wp-block-cover__image-background wp-image-32791 size-full\" alt=\"\" src=\"https:\/\/housinglearninglab.fondationpourlelogement.fr\/wp-content\/uploads\/2025\/08\/Bosnie-16-9.webp\" data-object-fit=\"cover\" srcset=\"https:\/\/housinglearninglab.fondationpourlelogement.fr\/wp-content\/uploads\/2025\/08\/Bosnie-16-9.webp 1024w, https:\/\/housinglearninglab.fondationpourlelogement.fr\/wp-content\/uploads\/2025\/08\/Bosnie-16-9-720x405.webp 720w, https:\/\/housinglearninglab.fondationpourlelogement.fr\/wp-content\/uploads\/2025\/08\/Bosnie-16-9-768x432.webp 768w, https:\/\/housinglearninglab.fondationpourlelogement.fr\/wp-content\/uploads\/2025\/08\/Bosnie-16-9-370x208.webp 370w, https:\/\/housinglearninglab.fondationpourlelogement.fr\/wp-content\/uploads\/2025\/08\/Bosnie-16-9-840x473.webp 840w, https:\/\/housinglearninglab.fondationpourlelogement.fr\/wp-content\/uploads\/2025\/08\/Bosnie-16-9-410x231.webp 410w, https:\/\/housinglearninglab.fondationpourlelogement.fr\/wp-content\/uploads\/2025\/08\/Bosnie-16-9-600x338.webp 600w, https:\/\/housinglearninglab.fondationpourlelogement.fr\/wp-content\/uploads\/2025\/08\/Bosnie-16-9-270x152.webp 270w\" sizes=\"(max-width: 1024px) 100vw, 1024px\" \/><span aria-hidden=\"true\" class=\"wp-block-cover__background has-background-dim\" style=\"background-color:#ad8c94\"><\/span><div class=\"wp-block-cover__inner-container is-layout-constrained wp-block-cover-is-layout-constrained\">\n<p class=\"has-text-align-center has-large-font-size\">Episode 2<\/p>\n<\/div><\/div>\n\n\n\n<figure class=\"wp-block-audio\"><audio controls src=\"https:\/\/housinglearninglab.fondationpourlelogement.fr\/wp-content\/uploads\/2025\/08\/Sous-les-toits-du-Monde_EP2_Bosnie-Herzegovine-1.mp3\"><\/audio><\/figure>\n<\/div>\n\n\n\n<div class=\"wp-block-column is-layout-flow wp-block-column-is-layout-flow\">\n<p class=\"has-text-align-left\"><em>En Bosnie-Herz\u00e9govine, les cicatrices de la guerre des ann\u00e9es 1990 restent vives. Dans les campagnes, les anciennes zones industrielles sont en ruine, et le ch\u00f4mage frappe fort. \u00c0 Varech Ma\u00efdan, pr\u00e8s de Sarajevo, Sarah Devisme et son association Alterural soutiennent les habitants. Edin, ouvrier passionn\u00e9 de rock, et Admir, survivant d\u2019un massacre, t\u00e9moignent de leur vie, entre m\u00e9moire, reconstruction et espoir de vivre ensemble.&nbsp;<\/em><\/p>\n<\/div>\n<\/div>\n\n\n\n<p><\/p>\n<\/details>\n\n\n\n<p><\/p>\n\n\n\n<details class=\"wp-block-details is-layout-flow wp-block-details-is-layout-flow\"><summary><strong>Episode 3 &#8211; D\u00e9plac\u00e9s au Cambodge&nbsp;: de la destruction \u00e0 la reconstruction<\/strong><\/summary>\n<div class=\"wp-block-columns is-layout-flex wp-container-core-columns-is-layout-9d6595d7 wp-block-columns-is-layout-flex\">\n<div class=\"wp-block-column is-layout-flow wp-block-column-is-layout-flow\">\n<div class=\"wp-block-cover is-light\" style=\"min-height:220px;aspect-ratio:unset;\"><img loading=\"lazy\" decoding=\"async\" width=\"1024\" height=\"576\" class=\"wp-block-cover__image-background wp-image-32804 size-full\" alt=\"\" src=\"https:\/\/housinglearninglab.fondationpourlelogement.fr\/wp-content\/uploads\/2025\/08\/Cambodge-16-9.webp\" data-object-fit=\"cover\" srcset=\"https:\/\/housinglearninglab.fondationpourlelogement.fr\/wp-content\/uploads\/2025\/08\/Cambodge-16-9.webp 1024w, https:\/\/housinglearninglab.fondationpourlelogement.fr\/wp-content\/uploads\/2025\/08\/Cambodge-16-9-720x405.webp 720w, https:\/\/housinglearninglab.fondationpourlelogement.fr\/wp-content\/uploads\/2025\/08\/Cambodge-16-9-768x432.webp 768w, https:\/\/housinglearninglab.fondationpourlelogement.fr\/wp-content\/uploads\/2025\/08\/Cambodge-16-9-370x208.webp 370w, https:\/\/housinglearninglab.fondationpourlelogement.fr\/wp-content\/uploads\/2025\/08\/Cambodge-16-9-840x473.webp 840w, https:\/\/housinglearninglab.fondationpourlelogement.fr\/wp-content\/uploads\/2025\/08\/Cambodge-16-9-410x231.webp 410w, https:\/\/housinglearninglab.fondationpourlelogement.fr\/wp-content\/uploads\/2025\/08\/Cambodge-16-9-600x338.webp 600w, https:\/\/housinglearninglab.fondationpourlelogement.fr\/wp-content\/uploads\/2025\/08\/Cambodge-16-9-270x152.webp 270w\" sizes=\"(max-width: 1024px) 100vw, 1024px\" \/><span aria-hidden=\"true\" class=\"wp-block-cover__background has-background-dim\" style=\"background-color:#b8a7ae\"><\/span><div class=\"wp-block-cover__inner-container is-layout-constrained wp-block-cover-is-layout-constrained\">\n<p class=\"has-text-align-center has-large-font-size\">Episode 3<\/p>\n<\/div><\/div>\n\n\n\n<figure class=\"wp-block-audio\"><audio controls src=\"https:\/\/housinglearninglab.fondationpourlelogement.fr\/wp-content\/uploads\/2025\/08\/Sous-les-toits-du-Monde_EP3_Cambodge.mp3\"><\/audio><\/figure>\n<\/div>\n\n\n\n<div class=\"wp-block-column is-layout-flow wp-block-column-is-layout-flow\">\n<p><em>\u00c0 Phnom Penh, des milliers de familles ont \u00e9t\u00e9 relocalis\u00e9es pour faire place \u00e0 des projets immobiliers priv\u00e9s. En 2006, la communaut\u00e9 du Nid de moineaux a vu ses habitations d\u00e9truites, ses habitants rel\u00e9gu\u00e9s loin de la ville, sans services ni infrastructures. Dans cet \u00e9pisode, deux d\u2019entre eux racontent leur d\u00e9racinement, la vie dans un nouveau quartier marginalis\u00e9, et leur lutte quotidienne pour reconstruire malgr\u00e9 l\u2019oubli.<\/em><\/p>\n<\/div>\n<\/div>\n\n\n\n<p><\/p>\n<\/details>\n\n\n\n<p><\/p>\n\n\n\n<details class=\"wp-block-details is-layout-flow wp-block-details-is-layout-flow\"><summary><strong>Episode 4 &#8211; Bidonvilles \u00e0 Antananarivo&nbsp;: une approche participative dans les microquartiers pr\u00e9caires<\/strong><\/summary>\n<p><\/p>\n\n\n\n<div class=\"wp-block-columns is-layout-flex wp-container-core-columns-is-layout-9d6595d7 wp-block-columns-is-layout-flex\">\n<div class=\"wp-block-column is-layout-flow wp-block-column-is-layout-flow\">\n<div class=\"wp-block-cover is-light\" style=\"min-height:220px;aspect-ratio:unset;\"><img loading=\"lazy\" decoding=\"async\" width=\"1024\" height=\"576\" class=\"wp-block-cover__image-background wp-image-32810 size-full\" alt=\"\" src=\"https:\/\/housinglearninglab.fondationpourlelogement.fr\/wp-content\/uploads\/2025\/08\/Madagascar-16-9.webp\" data-object-fit=\"cover\" srcset=\"https:\/\/housinglearninglab.fondationpourlelogement.fr\/wp-content\/uploads\/2025\/08\/Madagascar-16-9.webp 1024w, https:\/\/housinglearninglab.fondationpourlelogement.fr\/wp-content\/uploads\/2025\/08\/Madagascar-16-9-720x405.webp 720w, https:\/\/housinglearninglab.fondationpourlelogement.fr\/wp-content\/uploads\/2025\/08\/Madagascar-16-9-768x432.webp 768w, https:\/\/housinglearninglab.fondationpourlelogement.fr\/wp-content\/uploads\/2025\/08\/Madagascar-16-9-370x208.webp 370w, https:\/\/housinglearninglab.fondationpourlelogement.fr\/wp-content\/uploads\/2025\/08\/Madagascar-16-9-840x473.webp 840w, https:\/\/housinglearninglab.fondationpourlelogement.fr\/wp-content\/uploads\/2025\/08\/Madagascar-16-9-410x231.webp 410w, https:\/\/housinglearninglab.fondationpourlelogement.fr\/wp-content\/uploads\/2025\/08\/Madagascar-16-9-600x338.webp 600w, https:\/\/housinglearninglab.fondationpourlelogement.fr\/wp-content\/uploads\/2025\/08\/Madagascar-16-9-270x152.webp 270w\" sizes=\"(max-width: 1024px) 100vw, 1024px\" \/><span aria-hidden=\"true\" class=\"wp-block-cover__background has-background-dim\" style=\"background-color:#b4959a\"><\/span><div class=\"wp-block-cover__inner-container is-layout-constrained wp-block-cover-is-layout-constrained\">\n<p class=\"has-text-align-center has-large-font-size\">Episode 4<\/p>\n<\/div><\/div>\n\n\n\n<figure class=\"wp-block-audio\"><audio controls src=\"https:\/\/housinglearninglab.fondationpourlelogement.fr\/wp-content\/uploads\/2025\/08\/Sous-les-toits-du-Monde_EP4_Madagascar.mp3\"><\/audio><\/figure>\n<\/div>\n\n\n\n<div class=\"wp-block-column is-layout-flow wp-block-column-is-layout-flow\">\n<p><em>\u00c0 Madagascar, dans le quartier pr\u00e9caire d\u2019Ivolanirey \u00e0 Antananarivo, la pauvret\u00e9 pousse les familles \u00e0 s\u2019installer sur des terrains mar\u00e9cageux, irr\u00e9m\u00e9diablement inond\u00e9s quand vient la saison des pluies. Les d\u00e9chets non collect\u00e9s s&rsquo;accumulent, aggravant les conditions de vie des habitants. Dans cet \u00e9pisode, nous rencontrons Marie-Jeanne, sage-femme et figure locale, qui se bat pour l&rsquo;am\u00e9lioration de l\u2019habitat avec le soutien du programme \u00ab\u00a0Un logement digne pour toutes et tous\u00a0\u00bb.&nbsp;<\/em><\/p>\n<\/div>\n<\/div>\n<\/details>\n\n\n\n<p><\/p>\n\n\n\n<details class=\"wp-block-details is-layout-flow wp-block-details-is-layout-flow\"><summary><strong>Episode 5 &#8211; Coop\u00e9ratives d\u2019habitat au Salvador : quand des femmes b\u00e2tissent pour retrouver la paix<\/strong><\/summary>\n<p><\/p>\n\n\n\n<div class=\"wp-block-columns is-layout-flex wp-container-core-columns-is-layout-9d6595d7 wp-block-columns-is-layout-flex\">\n<div class=\"wp-block-column is-layout-flow wp-block-column-is-layout-flow\">\n<div class=\"wp-block-cover is-light\" style=\"min-height:223px;aspect-ratio:unset;\"><img loading=\"lazy\" decoding=\"async\" width=\"1024\" height=\"576\" class=\"wp-block-cover__image-background wp-image-32814 size-full\" alt=\"\" src=\"https:\/\/housinglearninglab.fondationpourlelogement.fr\/wp-content\/uploads\/2025\/08\/Salvador-16-9.webp\" data-object-fit=\"cover\" srcset=\"https:\/\/housinglearninglab.fondationpourlelogement.fr\/wp-content\/uploads\/2025\/08\/Salvador-16-9.webp 1024w, https:\/\/housinglearninglab.fondationpourlelogement.fr\/wp-content\/uploads\/2025\/08\/Salvador-16-9-720x405.webp 720w, https:\/\/housinglearninglab.fondationpourlelogement.fr\/wp-content\/uploads\/2025\/08\/Salvador-16-9-768x432.webp 768w, https:\/\/housinglearninglab.fondationpourlelogement.fr\/wp-content\/uploads\/2025\/08\/Salvador-16-9-370x208.webp 370w, https:\/\/housinglearninglab.fondationpourlelogement.fr\/wp-content\/uploads\/2025\/08\/Salvador-16-9-840x473.webp 840w, https:\/\/housinglearninglab.fondationpourlelogement.fr\/wp-content\/uploads\/2025\/08\/Salvador-16-9-410x231.webp 410w, https:\/\/housinglearninglab.fondationpourlelogement.fr\/wp-content\/uploads\/2025\/08\/Salvador-16-9-600x338.webp 600w, https:\/\/housinglearninglab.fondationpourlelogement.fr\/wp-content\/uploads\/2025\/08\/Salvador-16-9-270x152.webp 270w\" sizes=\"(max-width: 1024px) 100vw, 1024px\" \/><span aria-hidden=\"true\" class=\"wp-block-cover__background has-background-dim\" style=\"background-color:#baa0a3\"><\/span><div class=\"wp-block-cover__inner-container is-layout-constrained wp-block-cover-is-layout-constrained\">\n<p class=\"has-text-align-center has-large-font-size\">Episode 5<\/p>\n<\/div><\/div>\n\n\n\n<figure class=\"wp-block-audio\"><audio controls src=\"https:\/\/housinglearninglab.fondationpourlelogement.fr\/wp-content\/uploads\/2025\/08\/Sous-les-toits-du-Monde_EP5_Salvador.mp3\"><\/audio><\/figure>\n<\/div>\n\n\n\n<div class=\"wp-block-column is-layout-flow wp-block-column-is-layout-flow\">\n<p><em>Au Salvador, un pass\u00e9 marqu\u00e9 par la colonisation, la guerre civile et la violence des gangs a forc\u00e9 des milliers de personnes \u00e0 fuir et se reloger dans des zones recul\u00e9es. Si la criminalit\u00e9 baisse, la pr\u00e9carit\u00e9 du logement persiste. Face \u00e0 l\u2019inaction de l\u2019\u00c9tat, des coop\u00e9ratives se forment.<\/em><\/p>\n<\/div>\n<\/div>\n<\/details>\n\n\n\n<div style=\"height:100px\" aria-hidden=\"true\" class=\"wp-block-spacer\"><\/div>\n\n\n\n<p>Pour aller plus loin, vous pouvez \u00e9galement \u00e9couter<strong> l&rsquo;\u00e9mission \u00ab\u00a08 milliards de voisins\u00a0\u00bb<\/strong> du 22\/08\/2025, lors de laquelle \u00e9taient <strong>invit\u00e9s Leslie Menahem, r\u00e9alisatrice du podcast<\/strong> et <strong>Thierry Hergault, responsable de la solidarit\u00e9 internationale \u00e0 la Fondation <\/strong>pour le Logement des D\u00e9favoris\u00e9s.<\/p>\n\n\n\n<figure class=\"wp-block-audio\"><audio controls src=\"https:\/\/housinglearninglab.fondationpourlelogement.fr\/wp-content\/uploads\/2025\/08\/7_milliards_de_voisins_1_20250722.mp3\"><\/audio><\/figure>\n\n\n\n<p><\/p>\n","protected":false},"excerpt":{"rendered":"<p>Produite par la Fondation pour le Logement des D\u00e9favoris\u00e9s et Faireprod, en partenariat avec RFI, \u00ab\u202fSous les toits du monde\u202f\u00bb est une s\u00e9rie de podcasts documentaires. \u00c0 travers cinq \u00e9pisodes&hellip;<\/p>\n","protected":false},"author":234,"featured_media":32897,"comment_status":"closed","ping_status":"open","sticky":false,"template":"","format":"standard","meta":{"footnotes":""},"categories":[],"tags":[210],"class_list":["post-32767","post","type-post","status-publish","format-standard","has-post-thumbnail","hentry","tag-headline-fr"],"_links":{"self":[{"href":"https:\/\/housinglearninglab.fondationpourlelogement.fr\/fr\/wp-json\/wp\/v2\/posts\/32767","targetHints":{"allow":["GET"]}}],"collection":[{"href":"https:\/\/housinglearninglab.fondationpourlelogement.fr\/fr\/wp-json\/wp\/v2\/posts"}],"about":[{"href":"https:\/\/housinglearninglab.fondationpourlelogement.fr\/fr\/wp-json\/wp\/v2\/types\/post"}],"author":[{"embeddable":true,"href":"https:\/\/housinglearninglab.fondationpourlelogement.fr\/fr\/wp-json\/wp\/v2\/users\/234"}],"replies":[{"embeddable":true,"href":"https:\/\/housinglearninglab.fondationpourlelogement.fr\/fr\/wp-json\/wp\/v2\/comments?post=32767"}],"version-history":[{"count":0,"href":"https:\/\/housinglearninglab.fondationpourlelogement.fr\/fr\/wp-json\/wp\/v2\/posts\/32767\/revisions"}],"wp:featuredmedia":[{"embeddable":true,"href":"https:\/\/housinglearninglab.fondationpourlelogement.fr\/fr\/wp-json\/wp\/v2\/media\/32897"}],"wp:attachment":[{"href":"https:\/\/housinglearninglab.fondationpourlelogement.fr\/fr\/wp-json\/wp\/v2\/media?parent=32767"}],"wp:term":[{"taxonomy":"category","embeddable":true,"href":"https:\/\/housinglearninglab.fondationpourlelogement.fr\/fr\/wp-json\/wp\/v2\/categories?post=32767"},{"taxonomy":"post_tag","embeddable":true,"href":"https:\/\/housinglearninglab.fondationpourlelogement.fr\/fr\/wp-json\/wp\/v2\/tags?post=32767"}],"curies":[{"name":"wp","href":"https:\/\/api.w.org\/{rel}","templated":true}]}}