{"id":25735,"date":"2022-09-05T11:50:39","date_gmt":"2022-09-05T09:50:39","guid":{"rendered":"https:\/\/www.fap-learning-lab.org\/?p=25735"},"modified":"2025-03-06T14:24:09","modified_gmt":"2025-03-06T13:24:09","slug":"soutenir-le-droit-dasile","status":"publish","type":"post","link":"https:\/\/housinglearninglab.fondationpourlelogement.fr\/fr\/soutenir-le-droit-dasile\/","title":{"rendered":"Soutenir le droit d&rsquo;asile"},"content":{"rendered":"\n<p>Bien que les actions de la Fondation pour le Logement soient principalement concentr\u00e9es sur la construction ou r\u00e9habilitation de logements, certaines situations exceptionnelles portant atteinte \u00e0 la dignit\u00e9 humaine ou \u00e0 l&rsquo;acc\u00e8s au droit peuvent l&rsquo;amener \u00e0 d\u00e9passer son champ d&rsquo;intervention. Ainsi, la Fondation soutient depuis 2019 l&rsquo;action de l&rsquo;association allemande EUROPEAN LAWYERS IN LESVOS (ELIL) \u00e0 travers son projet \u00ab\u00a0Know your rights\u00a0\u00bb qui a pour objectif d&rsquo;accompagner les r\u00e9fugi\u00e9s stationn\u00e9s en Gr\u00e8ce dans leur d\u00e9marche de demande d&rsquo;asile, avec l&rsquo;aide d&rsquo;avocats sp\u00e9cialis\u00e9s.<\/p>\n\n\n\n<p>Il y a plus de 70 000 r\u00e9fugi\u00e9s diss\u00e9min\u00e9s sur les \u00eeles de Lesbos, Samos et sur le continent grec. La plupart sont des familles avec enfants ; elles sont majoritairement originaires d&rsquo;Afghanistan, mais viennent aussi de Somalie, Syrie, RDC, lrak et plus r\u00e9cemment Ukraine. Ces personnes ont fui leur pays en qu\u00eate de s\u00e9curit\u00e9 et de protection contre la guerre et la pers\u00e9cution. Beaucoup ont besoin d&rsquo;une assistance juridique, non fournie par l&rsquo;\u00c9tat Grec, avant l&rsquo;entretien qui d\u00e9terminera si l&rsquo;asile leur sera accord\u00e9e ou pas. En effet, la plupart des r\u00e9fugi\u00e9s assistent \u00e0 leur entretien sans s&rsquo;\u00eatre entretenu au pr\u00e9alable avec un avocat, ils ne sont donc pas au courant de leurs droits et obligations ou ne comprennent pas le processus et les crit\u00e8res appliqu\u00e9s lors de l&rsquo;\u00e9valuation de leur demande.<\/p>\n\n\n\n<p>Il faut souvent au moins deux ans pour que la demande d\u2019un demandeur d\u2019asile soit r\u00e9gl\u00e9e. Cette absence d&rsquo;information et d&rsquo;assistance juridique met les droits de l&rsquo;homme en p\u00e9ril et porte atteinte \u00e0 la l\u00e9galit\u00e9.<\/p>\n\n\n\n<p><em><strong>Proc\u00e9dure d&rsquo;asile<\/strong><\/em><\/p>\n\n\n\n<p>La proc\u00e9dure d&rsquo;asile en Gr\u00e8ce a \u00e9t\u00e9 caract\u00e9ris\u00e9e par une priorit\u00e9 accord\u00e9e \u00e0 la rapidit\u00e9 plut\u00f4t qu&rsquo;\u00e0 l&rsquo;\u00e9quit\u00e9, \u00e0 la r\u00e9gularit\u00e9 des proc\u00e9dures et \u00e0 l&rsquo;\u00c9tat de droit. Les entretiens qui d\u00e9terminent si l&rsquo;asile leur sera accord\u00e9 ou non sont programm\u00e9s dans des d\u00e9lais extr\u00eamement courts (souvent avec un pr\u00e9avis d&rsquo;un ou deux jours seulement), ce qui laisse tr\u00e8s peu de temps aux r\u00e9fugi\u00e9s pour acc\u00e9der \u00e0 une assistance juridique et \u00e0 d&rsquo;autres services pertinents (dans certains cas, les personnes ont \u00e9t\u00e9 pr\u00e9venues \u00e0 peine 30 minutes avant leur entretien). De plus, ces entretiens ont lieu tr\u00e8s peu de temps apr\u00e8s leur arriv\u00e9e \u00e0 Lesbos ou Samos, les r\u00e9fugi\u00e9s tout juste sortis de quarantaine n&rsquo;ont souvent pas le temps de se soumettre \u00e0 l&rsquo;examen m\u00e9dical requis par la loi et essentiel \u00e0 la proc\u00e9dure judiciaire. Ces m\u00e9thodes portent atteinte \u00e0 I&rsquo;int\u00e9grit\u00e9 de la proc\u00e9dure d&rsquo;asile et \u00e0 l&rsquo;\u00c9tat de droit.<\/p>\n\n\n\n<p>De nombreuses organisations internationales ont consid\u00e9rablement r\u00e9duit leur pr\u00e9sence sur place et le nombre d&rsquo;avocats, ce qui signifie que <strong>de nombreuses personnes assistent \u00e0 leur entretien d&rsquo;asile en premi\u00e8re instance sans avoir re\u00e7u l&rsquo;assistance juridique d&rsquo;un avocat<\/strong>.<\/p>\n\n\n\n<p><strong><em>L&rsquo;action d&rsquo;ELIL<\/em><\/strong><\/p>\n\n\n\n<p>ELIL, implant\u00e9e sur 4 sites, s&rsquo;appuie sur un mod\u00e8le hybride d&rsquo;assistance juridique (en personne et \u00e0 distance) pour s&rsquo;assurer que ses avocats et interpr\u00e8tes sont en mesure de fournir un soutien sur mesure \u00e0 ceux qui en ont le plus besoin. L&rsquo;\u00e9quipe, constitu\u00e9e <strong>d&rsquo;environ 20 avocats b\u00e9n\u00e9voles en droit d&rsquo;asile supervis\u00e9s par des avocats grecs,<\/strong> fournit r\u00e9guli\u00e8rement des consultations \u00e0 distance.<\/p>\n\n\n\n<figure class=\"wp-block-image\"><img fetchpriority=\"high\" decoding=\"async\" width=\"1920\" height=\"1280\" src=\"https:\/\/www.fap-learning-lab.org\/wp-content\/uploads\/2022\/09\/ELIL-2-min-1920x1280.jpg\" alt=\"\" class=\"wp-image-25749\" srcset=\"https:\/\/housinglearninglab.fondationpourlelogement.fr\/wp-content\/uploads\/2022\/09\/ELIL-2-min-1920x1280.jpg 1920w, https:\/\/housinglearninglab.fondationpourlelogement.fr\/wp-content\/uploads\/2022\/09\/ELIL-2-min-scaled-600x400.jpg 600w, https:\/\/housinglearninglab.fondationpourlelogement.fr\/wp-content\/uploads\/2022\/09\/ELIL-2-min-1280x853.jpg 1280w, https:\/\/housinglearninglab.fondationpourlelogement.fr\/wp-content\/uploads\/2022\/09\/ELIL-2-min-720x480.jpg 720w, https:\/\/housinglearninglab.fondationpourlelogement.fr\/wp-content\/uploads\/2022\/09\/ELIL-2-min-768x512.jpg 768w, https:\/\/housinglearninglab.fondationpourlelogement.fr\/wp-content\/uploads\/2022\/09\/ELIL-2-min-1536x1024.jpg 1536w, https:\/\/housinglearninglab.fondationpourlelogement.fr\/wp-content\/uploads\/2022\/09\/ELIL-2-min-2048x1365.jpg 2048w\" sizes=\"(max-width: 1920px) 100vw, 1920px\" \/><\/figure>\n\n\n\n<p><strong><em>Le projet<\/em><\/strong><\/p>\n\n\n\n<p>La projet \u00ab\u00a0Know Your Rights\u00a0\u00bb a pour but de <strong>fournir des informations juridiques et une assistance juridique aux femmes non accompagn\u00e9es, aux mineurs non accompagn\u00e9s enregistr\u00e9s \u00e0 tort comme adultes et aux demandeurs d&rsquo;asile en d\u00e9tention, \u00e0 travers :<\/strong><\/p>\n\n\n\n<ul class=\"wp-block-list\">\n<li>pr\u00e9paration des demandeurs d&rsquo;asile \u00e0 leur entretien, assistance aux demandes de regroupement familial, contestation des \u00e9valuations d&rsquo;\u00e2ge, d\u00e9p\u00f4t d&rsquo;objections contre la d\u00e9tention&#8230;<\/li>\n\n\n\n<li>des demandeurs d&rsquo;asile dans les bureaux d&rsquo;ELIL, sans rendez-vous.<\/li>\n\n\n\n<li>les avocats grecs en droit d&rsquo;asile accompagnent et repr\u00e9sentent les demandeurs d&rsquo;asile lors de leur entretien d&rsquo;asile (ELIL repr\u00e9sente plus de 50\u00a0% des cas lors de leur entrevue).<\/li>\n\n\n\n<li>r\u00e9alisation de s\u00e9ances d&rsquo;information juridique de groupe et de documents d&rsquo;information juridique.<\/li>\n\n\n\n<li>(service d&rsquo;asile grec, Agence de l&rsquo;Union europ\u00e9enne pour l&rsquo;asile et le service d&rsquo;accueil et d&rsquo;identification) pour assurer le suivi des questions relatives aux cas.<\/li>\n<\/ul>\n\n\n\n<p>En 2021, <strong>les \u00e9quipes du projet ont fourni au total une assistance juridique \u00e0 360 demandeurs d&rsquo;asile\/mois en moyenne<\/strong> :&nbsp; 305 par consultations individuelles, 55 sessions \u00ab\u00a0sans rendez-vous\u00a0\u00bb. Parmi les personnes assist\u00e9es en consultations individuelles, 46 % \u00e9taient des femmes et 54 % des hommes et 43 % \u00e9taient des mineurs.<\/p>\n\n\n\n<p>Le travail d&rsquo;ELIL a un impact r\u00e9el : <strong>depuis 2019, 69,7 % des personnes aid\u00e9es ont obtenu l&rsquo;asile<\/strong>, contre une moyenne grecque de 32 %. Cela montre que si les r\u00e9fugi\u00e9s connaissent leurs droits, comprennent la proc\u00e9dure judiciaire et sont capables de rassembler des preuves et de pr\u00e9senter leur cas, ils sont plus de deux fois plus susceptibles de recevoir la protection qu&rsquo;ils m\u00e9ritent. Parmi ces personnes, la grande majorit\u00e9 se voit accorder l&rsquo;asile en Gr\u00e8ce, mais plus de 1 000 personnes ont aussi pu retrouver des membres de leur famille dans d&rsquo;autres \u00c9tats membres de l&rsquo;UE.<\/p>\n\n\n\n<p>A voir pour plus d&rsquo;infos : <a href=\"https:\/\/youtu.be\/3rguAuzyUqo\" target=\"_blank\" rel=\"noreferrer noopener\">https:\/\/youtu.be\/3rguAuzyUqo<\/a><\/p>\n\n\n\n<p><em>Photo \u00a9 CC-BY-SA Elisa Turtschi &#8211; Ancienne volontaire ELIL<\/em><\/p>\n","protected":false},"excerpt":{"rendered":"<p>Bien que les actions de la Fondation pour le Logement soient principalement concentr\u00e9es sur la construction ou r\u00e9habilitation de logements, certaines situations exceptionnelles portant atteinte \u00e0 la dignit\u00e9 humaine ou&hellip;<\/p>\n","protected":false},"author":4,"featured_media":25732,"comment_status":"closed","ping_status":"open","sticky":false,"template":"","format":"standard","meta":{"footnotes":""},"categories":[207],"tags":[324],"class_list":["post-25735","post","type-post","status-publish","format-standard","has-post-thumbnail","hentry","category-partagez","tag-asile-fr"],"_links":{"self":[{"href":"https:\/\/housinglearninglab.fondationpourlelogement.fr\/fr\/wp-json\/wp\/v2\/posts\/25735","targetHints":{"allow":["GET"]}}],"collection":[{"href":"https:\/\/housinglearninglab.fondationpourlelogement.fr\/fr\/wp-json\/wp\/v2\/posts"}],"about":[{"href":"https:\/\/housinglearninglab.fondationpourlelogement.fr\/fr\/wp-json\/wp\/v2\/types\/post"}],"author":[{"embeddable":true,"href":"https:\/\/housinglearninglab.fondationpourlelogement.fr\/fr\/wp-json\/wp\/v2\/users\/4"}],"replies":[{"embeddable":true,"href":"https:\/\/housinglearninglab.fondationpourlelogement.fr\/fr\/wp-json\/wp\/v2\/comments?post=25735"}],"version-history":[{"count":0,"href":"https:\/\/housinglearninglab.fondationpourlelogement.fr\/fr\/wp-json\/wp\/v2\/posts\/25735\/revisions"}],"wp:featuredmedia":[{"embeddable":true,"href":"https:\/\/housinglearninglab.fondationpourlelogement.fr\/fr\/wp-json\/wp\/v2\/media\/25732"}],"wp:attachment":[{"href":"https:\/\/housinglearninglab.fondationpourlelogement.fr\/fr\/wp-json\/wp\/v2\/media?parent=25735"}],"wp:term":[{"taxonomy":"category","embeddable":true,"href":"https:\/\/housinglearninglab.fondationpourlelogement.fr\/fr\/wp-json\/wp\/v2\/categories?post=25735"},{"taxonomy":"post_tag","embeddable":true,"href":"https:\/\/housinglearninglab.fondationpourlelogement.fr\/fr\/wp-json\/wp\/v2\/tags?post=25735"}],"curies":[{"name":"wp","href":"https:\/\/api.w.org\/{rel}","templated":true}]}}