{"id":24831,"date":"2022-01-24T10:08:48","date_gmt":"2022-01-24T09:08:48","guid":{"rendered":"https:\/\/www.fap-learning-lab.org\/?p=24831"},"modified":"2025-03-06T14:38:50","modified_gmt":"2025-03-06T13:38:50","slug":"quatre-lieux-de-production-de-lhabitat-au-salvador-quatre-differents-modes-dintervention","status":"publish","type":"post","link":"https:\/\/housinglearninglab.fondationpourlelogement.fr\/fr\/quatre-lieux-de-production-de-lhabitat-au-salvador-quatre-differents-modes-dintervention\/","title":{"rendered":"Au Salvador, 4 lieux et 4 mani\u00e8res de produire de l\u2019habitat"},"content":{"rendered":"\n<p><\/p>\n\n\n\n<p>Le mal logement au Salvador a des causes multiples&nbsp;: le PIB par habitant est un des plus faibles de la r\u00e9gion, des milliers de personnes ont \u00e9t\u00e9 d\u00e9plac\u00e9es pendant le conflit arm\u00e9 entre 1980 et 1992 et, depuis, la pr\u00e9sence des gangs dans les villes et les zones rurales obligent encore des centaines de familles \u00e0 quitter leur maison pour s\u2019installer dans des zones moins expos\u00e9es \u00e0 la violence. Le pays est \u00e9galement r\u00e9guli\u00e8rement frapp\u00e9 par des catastrophes naturelles, s\u00e9ismes et temp\u00eates tropicales, \u00e0 l\u2019origine de la destruction de nombreuses maisons.<\/p>\n\n\n\n<p>FUNDASAL, le partenaire local d\u2019Habitat-Cit\u00e9 au Salvador, travaille depuis plus de 50 ans aux c\u00f4t\u00e9s de familles mal-log\u00e9es. Habitat-Cit\u00e9 et FUNDASAL partagent la m\u00eame conception&nbsp;de la \u00ab&nbsp;production de l\u2019habitat&nbsp;\u00bb : il n\u2019existe pas de solution toute faite mais il faut savoir adapter les actions \u00e0 chaque situation en fonction du contexte local, des dynamiques existantes et des souhaits des habitant.e.s.<\/p>\n\n\n\n<p>L\u2019originalit\u00e9 du partenariat entre FUNDASAL et Habitat-Cit\u00e9 r\u00e9side dans la diversit\u00e9 des lieux et des types d\u2019intervention.<\/p>\n\n\n\n<p><strong>A Venecia (Municipalit\u00e9 de Soyapango, d\u00e9partement de San Salvador), construire dans une zone en cours d\u2019urbanisation pour les \u00ab&nbsp;sans-terre&nbsp;\u00bb<\/strong><\/p>\n\n\n\n<p>La communaut\u00e9 de Venecia, municipalit\u00e9 de Soyapango dans le d\u00e9partement de San Salvador, est constitu\u00e9e de 32 familles qui cultivaient le caf\u00e9 et qui occupaient depuis plusieurs g\u00e9n\u00e9rations un terrain appartenant \u00e0 un grand propri\u00e9taire. Les familles ont \u00e9t\u00e9 expuls\u00e9es et le terrain a \u00e9t\u00e9 vendu au profit de la construction d\u2019un centre commercial. A la suite de n\u00e9gociations men\u00e9es avec le soutien de FUNDASAL, les familles ont \u00e9t\u00e9 partiellement relog\u00e9es sur un autre terrain par leur ancien employeur. Ce dernier a accept\u00e9 \u00e9galement de construire 14 maisons mais uniquement pour les m\u00e9nages expuls\u00e9s dont l\u2019installation dans la plantation de caf\u00e9 \u00e9tait la plus ancienne. En 2020 et 2021, Habitat-Cit\u00e9, FUNDASAL et Techo El Salvador ont permis la construction de 14 autres maisons. Le syst\u00e8me qui a \u00e9t\u00e9 choisi est le pr\u00e9fabriqu\u00e9 (panneaux et structure de b\u00e9ton de ciment) afin de permettre une construction rapide, facile \u00e0 r\u00e9aliser par les habitant.e.s et adapt\u00e9e aux parcelles de terrain de taille assez r\u00e9duite.<\/p>\n\n\n\n<p><strong>A Bendicion de Dios&nbsp;(Municipalit\u00e9 d\u2019Ilopango, d\u00e9partement de San Salvador), am\u00e9liorer un quartier pr\u00e9caire<\/strong><\/p>\n\n\n\n<p>Bendicion de Dios est situ\u00e9 dans une zone r\u00e9put\u00e9e parmi les plus dangereuses et les plus pauvres de la capitale du Salvador. Les habitant.e.s travaillent principalement dans la collecte et le recyclage de plastique et autres d\u00e9chets. Lorsque FUNDASAL a commenc\u00e9 \u00e0 travailler dans ce quartier, il y a 17 ans, avec le projet \u00ab\u00a0Mejoramiento de Barrios\u00a0\u00bb (am\u00e9lioration de quartiers), les familles vivaient dans des conditions tr\u00e8s pr\u00e9caires. Avec le soutien et l\u2019accompagnement de FUNDASAL, les habitant.e.s ont mis en \u0153uvre des actions afin d\u2019acqu\u00e9rir les actes de propri\u00e9t\u00e9 du terrain et des parcelles en 2014 et afin de rendre le quartier plus s\u00fbr et plus agr\u00e9able \u00e0 vivre : s\u00e9curisation des entr\u00e9es du quartier, construction d\u2019un mur de sout\u00e8nement, \u00e9vacuation des eaux, construction d\u2019une maison de quartier, nettoyage des rues. Il est pr\u00e9vu de construire 88 maisons dans les ann\u00e9es \u00e0 venir. En 2021 et 2022, des ateliers de conception participative vont \u00eatre organis\u00e9s avec les habitant.e.s afin de travailler sur les plans des maisons.<\/p>\n\n\n\n<p><strong>A El Potrerillo (municipalit\u00e9 et d\u00e9partement d\u2019Alegria), reconstruire apr\u00e8s un tremblement de terre<\/strong><\/p>\n\n\n\n<p>Dans le village d\u2019El Potrerillo, compos\u00e9 de familles tr\u00e8s modestes d\u2019agriculteurs, en 2015, un tremblement de terre a endommag\u00e9 69 des 92 maisons existantes \u00e0 l\u2019\u00e9poque. Les habitant.e.s n\u2019avaient pas les moyens de reconstruire leur logement et se sont tourn\u00e9s vers FUNDASAL. De nombreuses activit\u00e9s ont \u00e9t\u00e9 mises en place \u00e0 partir de 2018&nbsp;: formation des habitant.e.s et notamment des femmes \u00e0 la construction en mat\u00e9riaux naturels, pr\u00e9vention des risques et d\u00e9veloppement d\u2019activit\u00e9s \u00e9conomiques par le biais d\u2019un syst\u00e8me de microcr\u00e9dit.<\/p>\n\n\n\n<p>En misant sur les mat\u00e9riaux locaux et le renforcement des comp\u00e9tences locales, 14 maisons ont \u00e9t\u00e9 r\u00e9nov\u00e9es et 4 maisons ont \u00e9t\u00e9 construites.<\/p>\n\n\n\n<p>Le projet a \u00e9galement permis la construction de cuisines \u00e9cologiques et de latrines s\u00e8ches, la r\u00e9alisation de travaux d\u2019am\u00e9nagement et d\u2019infrastructure&nbsp;: construction d\u2019un centre communautaire fonctionnant comme refuge en cas de catastrophe naturelle, stabilisation d\u2019un talus, installation de douches communautaires pour les femmes, cr\u00e9ation de fontaines publiques et de jardins familiaux.<\/p>\n\n\n\n<p><strong>A La Palma, soutenir l\u2019habitat coop\u00e9ratif dans le quartier Cuna de la Paz<\/strong><\/p>\n\n\n\n<p>Avec l\u2019accompagnement de FUNDASAL, 62 familles, pour la plupart ayant subi des d\u00e9placements internes, vivant dans des conditions de grande pr\u00e9carit\u00e9 dans la zone touristique de La Palma, ont d\u00e9cid\u00e9 de former deux coop\u00e9ratives d\u2019habitant.e.s, afin d\u2019acheter un terrain et de chercher des fonds pour construire des maisons en mat\u00e9riaux locaux. Les coop\u00e9ratives ont acquis un terrain d\u2019une valeur de 105 000 dollars gr\u00e2ce \u00e0 un cr\u00e9dit qui leur a \u00e9t\u00e9 octroy\u00e9 par FUNDASAL \u00e0 travers le programme Credihabitat. Habitat-Cit\u00e9 et CRAterre accompagnent FUNDASAL et les coop\u00e9ratives \u00e0 la prise de d\u00e9cision en mati\u00e8re d\u2019urbanisme et sur les choix techniques. Au total, 33 maisons seront construites d\u2019ici 2022 et 29 autres maisons seront construites par la suite.<\/p>\n\n\n\n<p><strong>Mettre en place des \u00e9changes internationaux<\/strong><\/p>\n\n\n\n<p>Des \u00e9changes internationaux avec une association ha\u00eftienne, OJUCAH, partenaire d\u2019Habitat-Cit\u00e9, permettent de nourrir des r\u00e9flexions communes entre les habitant.e.s de Cuna de la Paz et de El Potrerillo au Salvador, les habitant.e.s de La Vall\u00e9e de Jacmel et Bainet en Ha\u00efti et les organisations partenaires autour de th\u00e9matiques comme la production locale de l\u2019habitat, l\u2019agro \u00e9cologie, la souverainet\u00e9 alimentaire et la prise en compte des in\u00e9galit\u00e9s de genre.<br><br><em>Habitat-Cit\u00e9, CRAterre, FUNDASAL, le r\u00e9seau MesoAmeriKaab, OJUCAH et ATECO sont partenaires pour la mise en \u0153uvre du projet triennal Actions d\u2019am\u00e9lioration des lieux d\u2019habitat et du cadre de vie avec et pour des femmes en situation pr\u00e9caire en Am\u00e9rique Centrale et aux Cara\u00efbes (Ha\u00efti, Salvador, r\u00e9gion m\u00e9soam\u00e9ricaine) financ\u00e9 par la Fondation pour le Logement<\/em> <em>et l\u2019Agence Fran\u00e7aise de D\u00e9veloppement.<\/em><\/p>\n\n\n\n<p>Ces actions re\u00e7oivent le soutien financier de la Fondation pour le Logement et de l\u2019Agence Fran\u00e7aise de D\u00e9veloppement.<\/p>\n\n\n\n<p>photographie : Almudena Albert Galiana<\/p>\n","protected":false},"excerpt":{"rendered":"<p>Le mal logement au Salvador a des causes multiples&nbsp;: le PIB par habitant est un des plus faibles de la r\u00e9gion, des milliers de personnes ont \u00e9t\u00e9 d\u00e9plac\u00e9es pendant le&hellip;<\/p>\n","protected":false},"author":12,"featured_media":24108,"comment_status":"closed","ping_status":"open","sticky":false,"template":"","format":"standard","meta":{"footnotes":""},"categories":[206,216],"tags":[217],"class_list":["post-24831","post","type-post","status-publish","format-standard","has-post-thumbnail","hentry","category-participation-citoyenne","category-cultures-constructives","tag-habitat-fr"],"_links":{"self":[{"href":"https:\/\/housinglearninglab.fondationpourlelogement.fr\/fr\/wp-json\/wp\/v2\/posts\/24831","targetHints":{"allow":["GET"]}}],"collection":[{"href":"https:\/\/housinglearninglab.fondationpourlelogement.fr\/fr\/wp-json\/wp\/v2\/posts"}],"about":[{"href":"https:\/\/housinglearninglab.fondationpourlelogement.fr\/fr\/wp-json\/wp\/v2\/types\/post"}],"author":[{"embeddable":true,"href":"https:\/\/housinglearninglab.fondationpourlelogement.fr\/fr\/wp-json\/wp\/v2\/users\/12"}],"replies":[{"embeddable":true,"href":"https:\/\/housinglearninglab.fondationpourlelogement.fr\/fr\/wp-json\/wp\/v2\/comments?post=24831"}],"version-history":[{"count":0,"href":"https:\/\/housinglearninglab.fondationpourlelogement.fr\/fr\/wp-json\/wp\/v2\/posts\/24831\/revisions"}],"wp:featuredmedia":[{"embeddable":true,"href":"https:\/\/housinglearninglab.fondationpourlelogement.fr\/fr\/wp-json\/wp\/v2\/media\/24108"}],"wp:attachment":[{"href":"https:\/\/housinglearninglab.fondationpourlelogement.fr\/fr\/wp-json\/wp\/v2\/media?parent=24831"}],"wp:term":[{"taxonomy":"category","embeddable":true,"href":"https:\/\/housinglearninglab.fondationpourlelogement.fr\/fr\/wp-json\/wp\/v2\/categories?post=24831"},{"taxonomy":"post_tag","embeddable":true,"href":"https:\/\/housinglearninglab.fondationpourlelogement.fr\/fr\/wp-json\/wp\/v2\/tags?post=24831"}],"curies":[{"name":"wp","href":"https:\/\/api.w.org\/{rel}","templated":true}]}}