{"id":23658,"date":"2021-06-23T12:08:33","date_gmt":"2021-06-23T10:08:33","guid":{"rendered":"https:\/\/www.fap-learning-lab.org\/?p=23658"},"modified":"2025-03-06T14:39:07","modified_gmt":"2025-03-06T13:39:07","slug":"lancement-de-la-phase-2-pour-le-projet-ld2t-a-antananarivo","status":"publish","type":"post","link":"https:\/\/housinglearninglab.fondationpourlelogement.fr\/fr\/lancement-de-la-phase-2-pour-le-projet-ld2t-a-antananarivo\/","title":{"rendered":"Lancement de la Phase 2 pour le projet LD2T \u00e0 Antananarivo"},"content":{"rendered":"\n<p>Le 1er juillet 2021 sera lanc\u00e9e <strong>la deuxi\u00e8me phase du projet \u00a0\u00bb Un Logement Digne pour Toutes et Tous ! \u00ab\u00a0. <\/strong><\/p>\n\n\n\n<p>Ce projet mis en \u0153uvre par la Fondation pour le Logement et ses partenaires \u00e0 Madagascar vise \u00e0 <strong>am\u00e9liorer les conditions de logement et la mobilisation sociale des habitants et habitantes des bas quartiers de la capitale malgache.<\/strong> Pour ce faire, le projet s\u2019articule autour de <strong><span class=\"has-inline-color has-grey-strong-color\">trois dimensions tr\u00e8s compl\u00e9mentaires<\/span>.<\/strong><\/p>\n\n\n\n<p>La premi\u00e8re consiste en la conception et <strong>la mise en \u0153uvre d\u2019un mod\u00e8le am\u00e9nagement et d\u2019habitat social par et pour les habitants<\/strong>, gr\u00e2ce \u00e0 la reconstruction et la r\u00e9habilitation des logements, avec des mat\u00e9riaux et techniques innovantes et bien adapt\u00e9es, la formation \u00e0 l\u2019agriculture urbaine, le financement de micro-projets collectifs et une d\u00e9marche de planification urbaine participative sur des zones d\u2019am\u00e9nagement solidaire \u00e0 l\u2019\u00e9chelle de micro-quartiers.<\/p>\n\n\n\n<p>La deuxi\u00e8me dimension est celle <strong>du plaidoyer en faveur d&rsquo;un changement de regard et de politiques vis-\u00e0-vis de ces quartiers et leurs habitants<\/strong>, gr\u00e2ce \u00e0 la production de donn\u00e9es avec les habitants et habitantes, la capitalisation des d\u00e9marches d\u2019intervention participatives et l\u2019organisation d\u2019ateliers de r\u00e9flexion avec les pouvoirs publics.<\/p>\n\n\n\n<p>La troisi\u00e8me dimension est <strong>le renforcement des acteurs associatifs investis dans l\u2019urbain social<\/strong>, notamment <strong>l\u2019accompagnement de l\u2019Association Fonenana Mendrika r\u00e9cemment cr\u00e9\u00e9e<\/strong> pour en garantir la solidit\u00e9 et la p\u00e9rennit\u00e9.<\/p>\n\n\n\n<p>Ce projet, <strong>financ\u00e9 par la Fondation pour le Logement et l&rsquo;Agence Fran\u00e7aise de D\u00e9veloppement (AFD)<\/strong>, b\u00e9n\u00e9ficiera directement \u00e0 900 m\u00e9nages soit 4500 personnes, ainsi qu&rsquo;aux partenaires associatifs renforc\u00e9s et aux agents administratifs impliqu\u00e9s.<\/p>\n\n\n\n<p>&nbsp;<\/p>\n","protected":false},"excerpt":{"rendered":"<p>Le 1er juillet 2021 sera lanc\u00e9e la deuxi\u00e8me phase du projet \u00a0\u00bb Un Logement Digne pour Toutes et Tous ! \u00ab\u00a0. Ce projet mis en \u0153uvre par la Fondation pour&hellip;<\/p>\n","protected":false},"author":4,"featured_media":23661,"comment_status":"closed","ping_status":"open","sticky":false,"template":"","format":"standard","meta":{"footnotes":""},"categories":[207],"tags":[300,217],"class_list":["post-23658","post","type-post","status-publish","format-standard","has-post-thumbnail","hentry","category-partagez","tag-experiences","tag-habitat-fr"],"_links":{"self":[{"href":"https:\/\/housinglearninglab.fondationpourlelogement.fr\/fr\/wp-json\/wp\/v2\/posts\/23658","targetHints":{"allow":["GET"]}}],"collection":[{"href":"https:\/\/housinglearninglab.fondationpourlelogement.fr\/fr\/wp-json\/wp\/v2\/posts"}],"about":[{"href":"https:\/\/housinglearninglab.fondationpourlelogement.fr\/fr\/wp-json\/wp\/v2\/types\/post"}],"author":[{"embeddable":true,"href":"https:\/\/housinglearninglab.fondationpourlelogement.fr\/fr\/wp-json\/wp\/v2\/users\/4"}],"replies":[{"embeddable":true,"href":"https:\/\/housinglearninglab.fondationpourlelogement.fr\/fr\/wp-json\/wp\/v2\/comments?post=23658"}],"version-history":[{"count":0,"href":"https:\/\/housinglearninglab.fondationpourlelogement.fr\/fr\/wp-json\/wp\/v2\/posts\/23658\/revisions"}],"wp:featuredmedia":[{"embeddable":true,"href":"https:\/\/housinglearninglab.fondationpourlelogement.fr\/fr\/wp-json\/wp\/v2\/media\/23661"}],"wp:attachment":[{"href":"https:\/\/housinglearninglab.fondationpourlelogement.fr\/fr\/wp-json\/wp\/v2\/media?parent=23658"}],"wp:term":[{"taxonomy":"category","embeddable":true,"href":"https:\/\/housinglearninglab.fondationpourlelogement.fr\/fr\/wp-json\/wp\/v2\/categories?post=23658"},{"taxonomy":"post_tag","embeddable":true,"href":"https:\/\/housinglearninglab.fondationpourlelogement.fr\/fr\/wp-json\/wp\/v2\/tags?post=23658"}],"curies":[{"name":"wp","href":"https:\/\/api.w.org\/{rel}","templated":true}]}}