{"id":23653,"date":"2021-06-18T13:20:36","date_gmt":"2021-06-18T11:20:36","guid":{"rendered":"https:\/\/www.fap-learning-lab.org\/?p=23653"},"modified":"2025-03-06T14:29:56","modified_gmt":"2025-03-06T13:29:56","slug":"en-bulgarie-une-grande-enquete-sur-le-mal-logement","status":"publish","type":"post","link":"https:\/\/housinglearninglab.fondationpourlelogement.fr\/fr\/en-bulgarie-une-grande-enquete-sur-le-mal-logement\/","title":{"rendered":"En Bulgarie, une grande enqu\u00eate sur le mal-logement."},"content":{"rendered":"\r\n<p>En partenariat avec <strong>M\u00e9decins du Monde<\/strong>, la Fondation m\u00e8ne un travail d\u2019enqu\u00eate macro et micro-\u00e9conomique sur le mal-logement \u00e0 Sofia et Sliven.<\/p>\r\n\r\n\r\n\r\n<p>Depuis le mois de mars et jusqu\u2019en d\u00e9cembre prochain, la Fondation et M\u00e9decins du Monde d\u00e9veloppent une enqu\u00eate exclusive sur l\u2019\u00e9tat du mal-logement en Bulgarie, au niveau national et au niveau local. \u00c0 Sofia, une veille juridique sur les dispositifs du logement et de l\u2019h\u00e9bergement (l\u00e9gislation et programmes nationaux) ainsi qu\u2019une identification de tous les acteurs qui agissent dans le champ du logement (associations, municipalit\u00e9s, collectifs\u2026) et le recensement statistique des personnes mal log\u00e9es ou sans logement a d\u00e9but\u00e9 au m\u00eame moment qu\u2019un travail d\u2019enqu\u00eate de terrain aupr\u00e8s de 10 000 habitants vivant dans des conditions indignes \u00e0 Sliven, 9e plus grosse ville de ce pays.<\/p>\r\n","protected":false},"excerpt":{"rendered":"<p>En partenariat avec M\u00e9decins du Monde, la Fondation m\u00e8ne un travail d\u2019enqu\u00eate macro et micro-\u00e9conomique sur le mal-logement \u00e0 Sofia et Sliven. Depuis le mois de mars et jusqu\u2019en d\u00e9cembre&hellip;<\/p>\n","protected":false},"author":4,"featured_media":23655,"comment_status":"closed","ping_status":"open","sticky":false,"template":"","format":"standard","meta":{"footnotes":""},"categories":[207],"tags":[217],"class_list":["post-23653","post","type-post","status-publish","format-standard","has-post-thumbnail","hentry","category-partagez","tag-habitat-fr"],"_links":{"self":[{"href":"https:\/\/housinglearninglab.fondationpourlelogement.fr\/fr\/wp-json\/wp\/v2\/posts\/23653","targetHints":{"allow":["GET"]}}],"collection":[{"href":"https:\/\/housinglearninglab.fondationpourlelogement.fr\/fr\/wp-json\/wp\/v2\/posts"}],"about":[{"href":"https:\/\/housinglearninglab.fondationpourlelogement.fr\/fr\/wp-json\/wp\/v2\/types\/post"}],"author":[{"embeddable":true,"href":"https:\/\/housinglearninglab.fondationpourlelogement.fr\/fr\/wp-json\/wp\/v2\/users\/4"}],"replies":[{"embeddable":true,"href":"https:\/\/housinglearninglab.fondationpourlelogement.fr\/fr\/wp-json\/wp\/v2\/comments?post=23653"}],"version-history":[{"count":0,"href":"https:\/\/housinglearninglab.fondationpourlelogement.fr\/fr\/wp-json\/wp\/v2\/posts\/23653\/revisions"}],"wp:featuredmedia":[{"embeddable":true,"href":"https:\/\/housinglearninglab.fondationpourlelogement.fr\/fr\/wp-json\/wp\/v2\/media\/23655"}],"wp:attachment":[{"href":"https:\/\/housinglearninglab.fondationpourlelogement.fr\/fr\/wp-json\/wp\/v2\/media?parent=23653"}],"wp:term":[{"taxonomy":"category","embeddable":true,"href":"https:\/\/housinglearninglab.fondationpourlelogement.fr\/fr\/wp-json\/wp\/v2\/categories?post=23653"},{"taxonomy":"post_tag","embeddable":true,"href":"https:\/\/housinglearninglab.fondationpourlelogement.fr\/fr\/wp-json\/wp\/v2\/tags?post=23653"}],"curies":[{"name":"wp","href":"https:\/\/api.w.org\/{rel}","templated":true}]}}